[{"@context":"https:\/\/schema.org\/","@type":"Article","@id":"https:\/\/www.njorek.cz\/cepice\/#Article","mainEntityOfPage":"https:\/\/www.njorek.cz\/cepice\/","headline":"\u010cepice","name":"\u010cepice","description":"Ji\u017e se n\u00e1m po\u010das\u00ed ochladilo a v\u00edce m\u00e9n\u011b odpov\u00edd\u00e1 teplot\u00e1m a podm\u00ednk\u00e1m pro toto obdob\u00ed obvykl\u00fdch. Je tedy nutn\u00e9 se v\u00edce obl\u00e9kat. Av\u0161ak, jak si mo\u017en\u00e1 pamatujeme sami ze sv\u00e9ho obdob\u00ed dosp\u00edv\u00e1n\u00ed, pro -n\u00e1ctilet\u00e9 nen\u00ed snadn\u00e9 se teple obl\u00e9ci. Leckdy m\u00e1te dojem, \u017ee \u010depice \u010di \u0161\u00e1la jsou tot\u00e9\u017e, jako byste po nich cht\u011bli nosit pytel [&hellip;]","datePublished":"2024-11-19","dateModified":"2024-11-19","author":{"@type":"Person","@id":"https:\/\/www.njorek.cz\/author\/#Person","name":"","url":"https:\/\/www.njorek.cz\/author\/","identifier":1,"image":{"@type":"ImageObject","@id":"https:\/\/secure.gravatar.com\/avatar\/bbaa4e9a58aac4329fe0ade0f3fb816f09f0dc43c21f6e884dccfbc124b16b29?s=96&d=mm&r=g","url":"https:\/\/secure.gravatar.com\/avatar\/bbaa4e9a58aac4329fe0ade0f3fb816f09f0dc43c21f6e884dccfbc124b16b29?s=96&d=mm&r=g","height":96,"width":96}},"publisher":{"@type":"Organization","name":"njorek.cz","logo":{"@type":"ImageObject","@id":"\/logo.png","url":"\/logo.png","width":600,"height":60}},"url":"https:\/\/www.njorek.cz\/cepice\/","wordCount":224,"articleBody":"Ji\u017e se n\u00e1m po\u010das\u00ed ochladilo a v\u00edce m\u00e9n\u011b odpov\u00edd\u00e1 teplot\u00e1m a podm\u00ednk\u00e1m pro toto obdob\u00ed obvykl\u00fdch. Je tedy nutn\u00e9 se v\u00edce obl\u00e9kat. Av\u0161ak, jak si mo\u017en\u00e1 pamatujeme sami ze sv\u00e9ho obdob\u00ed dosp\u00edv\u00e1n\u00ed, pro -n\u00e1ctilet\u00e9 nen\u00ed snadn\u00e9 se teple obl\u00e9ci. Leckdy m\u00e1te dojem, \u017ee \u010depice \u010di \u0161\u00e1la jsou tot\u00e9\u017e, jako byste po nich cht\u011bli nosit pytel od brambor m\u00edsto kab\u00e1tu. Mo\u017en\u00e1 v\u0161ak tento probl\u00e9m m\u016f\u017eete vy\u0159e\u0161it, umo\u017en\u00edte-li jim vlastnit \u010depici zcela dle sv\u00fdch p\u0159edstav. Vyberte jim \u010depici u n\u00e1s a nechte je, a\u0165 sami navrhnou motiv pro potisk textilu.Aby nebylo chladnoJakmile Va\u0161e rozmil\u00e9 pubert\u00e1ln\u00ed d\u00edt\u011b pochop\u00ed, \u017ee si m\u016f\u017ee vybrat potisk textilu skute\u010dn\u011b dle sv\u00e9ho vkusu, pravd\u011bpodobn\u011b zm\u011bn\u00ed n\u00e1zor. Nab\u00edz\u00edme \u010depice k potisku jak pl\u00e1t\u011bn\u00e9 s k\u0161iltem, tak zimn\u00ed do chladn\u00e9ho po\u010das\u00ed. Samoz\u0159ejm\u011b, \u017ee \u010depice s k\u0161iltem nen\u00ed pro zimu p\u0159\u00edli\u0161 praktick\u00e1, p\u0159esto v\u0161ak uznejme, \u017ee je takov\u00e1 \u010depice lep\u0161\u00ed ne\u017e nic. Nechte sv\u00e9 d\u00edt\u011b, a\u0165 si ji nech\u00e1 vyzdobit nap\u0159\u00edklad n\u00e1zvy hudebn\u00edch skupin \u010di motivy obl\u00edben\u00fdch \u010dasopis\u016f a zna\u010dek.                                                                                                                                                                                                                                                                                                                                                                                        5\/5 - (1 vote)        "},{"@context":"https:\/\/schema.org\/","@type":"BreadcrumbList","itemListElement":[{"@type":"ListItem","position":1,"name":"\u010cepice","item":"https:\/\/www.njorek.cz\/cepice\/#breadcrumbitem"}]}]