[{"@context":"https:\/\/schema.org\/","@type":"Article","@id":"https:\/\/www.njorek.cz\/jak-vyresit-zdedenou-domacnost-ktera-vam-nesedi\/#Article","mainEntityOfPage":"https:\/\/www.njorek.cz\/jak-vyresit-zdedenou-domacnost-ktera-vam-nesedi\/","headline":"Jak vy\u0159e\u0161it zd\u011bd\u011bnou dom\u00e1cnost, kter\u00e1 v\u00e1m nesed\u00ed?","name":"Jak vy\u0159e\u0161it zd\u011bd\u011bnou dom\u00e1cnost, kter\u00e1 v\u00e1m nesed\u00ed?","description":"Nemus\u00ed to b\u00fdt nutn\u011b po \u00famrt\u00ed v rodin\u011b, m\u016f\u017ee to b\u00fdt jednodu\u0161e t\u00edm, \u017ee se va\u0161i rodi\u010de \u010di prarodi\u010de rozhodli odst\u011bhovat z Prahy na n\u011bjak\u00e9 p\u011bkn\u00e9 m\u00edsto na venkov\u011b \u010di p\u0159esunout se na jejich chatku n\u011bkde u lesa a vy jste se zkr\u00e1tka a jednodu\u0161e do jejich bytu nast\u011bhovali. Ostatn\u011b pro\u010d ne, \u017ee ano? Najednou [&hellip;]","datePublished":"2019-08-21","dateModified":"2023-08-17","author":{"@type":"Person","@id":"https:\/\/www.njorek.cz\/author\/#Person","name":"","url":"https:\/\/www.njorek.cz\/author\/","identifier":1,"image":{"@type":"ImageObject","@id":"https:\/\/secure.gravatar.com\/avatar\/bbaa4e9a58aac4329fe0ade0f3fb816f09f0dc43c21f6e884dccfbc124b16b29?s=96&d=mm&r=g","url":"https:\/\/secure.gravatar.com\/avatar\/bbaa4e9a58aac4329fe0ade0f3fb816f09f0dc43c21f6e884dccfbc124b16b29?s=96&d=mm&r=g","height":96,"width":96}},"publisher":{"@type":"Organization","name":"njorek.cz","logo":{"@type":"ImageObject","@id":"\/logo.png","url":"\/logo.png","width":600,"height":60}},"image":{"@type":"ImageObject","@id":"https:\/\/www.njorek.cz\/wp-content\/uploads\/img_a357341_w1761_t1571907420.jpg","url":"https:\/\/www.njorek.cz\/wp-content\/uploads\/img_a357341_w1761_t1571907420.jpg","height":0,"width":0},"url":"https:\/\/www.njorek.cz\/jak-vyresit-zdedenou-domacnost-ktera-vam-nesedi\/","about":["N\u00e1kupy"],"wordCount":438,"articleBody":"       Nemus\u00ed to b\u00fdt nutn\u011b po \u00famrt\u00ed v rodin\u011b, m\u016f\u017ee to b\u00fdt jednodu\u0161e t\u00edm, \u017ee se va\u0161i rodi\u010de \u010di prarodi\u010de rozhodli odst\u011bhovat z Prahy na n\u011bjak\u00e9 p\u011bkn\u00e9 m\u00edsto na venkov\u011b \u010di p\u0159esunout se na jejich chatku n\u011bkde u lesa a vy jste se zkr\u00e1tka a jednodu\u0161e do jejich bytu nast\u011bhovali. Ostatn\u011b pro\u010d ne, \u017ee ano? Najednou ale c\u00edt\u00edte, \u017ee tohle nen\u00ed va\u0161e dom\u00e1cnost. Nesed\u00ed v\u00e1m styl, v jak\u00e9m je interi\u00e9r, nesed\u00ed v\u00e1m celkov\u011b esteticky kuchy\u0148, tady v\u00e1m vad\u00ed tenhle pokoj, vad\u00ed v\u00e1m star\u00fd n\u00e1bytek, vad\u00ed v\u00e1m poli\u010dky, kter\u00e9 jste nesn\u00e1\u0161eli u\u017e jako d\u011bti. Nechcete b\u00fdt ur\u010dit\u011b n\u011bjak nezdvo\u0159il\u00ed, ch\u00e1peme, \u017ee jste hrozn\u011b moc vd\u011b\u010dn\u00ed sv\u00fdm p\u0159edch\u016fdc\u016fm, \u017ee v\u00e1m p\u0159enechali takov\u00fd byt v Praze. Ov\u0161em abyste se c\u00edtili ve va\u0161\u00ed dom\u00e1cnosti jako \u201edoma\u201c, mus\u00ed to p\u0159eci jen odr\u00e1\u017eet v\u00e1s a ne n\u011bkoho jin\u00e9ho, kdo tam \u017eil, by\u0165 to mohlo b\u00fdt n\u011bkolik des\u00edtek let. Zkr\u00e1tka, pokud si nesed\u00edte s va\u0161\u00ed dom\u00e1cnost\u00ed, nebudete se moc dob\u0159e c\u00edtit ani ve va\u0161em \u017eivot\u011b. Proto\u017ee kde tr\u00e1v\u00edte nejv\u00edce \u010dasu? Kde se vrac\u00edte utahan\u00ed z pr\u00e1ce? P\u0159esn\u011b tak, dom\u016f. Jenom\u017ee jak se m\u016f\u017eete c\u00edtit dob\u0159e doma, kdy\u017e to nen\u00ed va\u0161e \u201edoma\u201c, ale je to doma n\u011bkoho jin\u00e9ho, kdo se ji\u017e odst\u011bhoval?  P\u0159esn\u011b pro to je tu bytov\u00fd design\u00e9r Praha ByDesign, kter\u00fd je zde, aby v\u00e1s zbavil t\u011bchto negativn\u00edch pocit\u016f a spolu s v\u00e1mi radik\u00e1ln\u011b \u010di alespo\u0148 trochu poupravil va\u0161i novou dom\u00e1cnost tak, abyste se tam vy c\u00edtili nejl\u00e9pe, aby v\u00e1m dom\u00e1cnost sed\u011bla a aby odr\u00e1\u017eela va\u0161i osobnost. Bytov\u00fd design\u00e9r Praha je p\u0159esn\u011b ten typ \u010dlov\u011bka, kter\u00e9ho pot\u0159ebujete, abyste mohli splnit va\u0161e o\u010dek\u00e1v\u00e1n\u00ed od dom\u00e1cnosti a mohli jste je realizovat v pln\u00e9m rozm\u011bru. Nenab\u00edz\u00edme toti\u017e jenom ledabylou realizaci, ale nab\u00edz\u00edme tak\u00e9 kompletn\u00ed vizualizaci interi\u00e9ru, tak\u017ee si v\u0161e m\u016f\u017eete dop\u0159edu promyslet a t\u0159eba zm\u011bnit n\u011bkter\u00e9 v\u011bci tak, aby to bylo p\u0159esn\u011b odrazem va\u0161ich p\u0159edstav. Bytov\u00fd design\u00e9r Praha je p\u0159esn\u011b ten \u010dlov\u011bk, kter\u00e9ho pot\u0159ebujete, aby u\u010dinil z va\u0161\u00ed dom\u00e1cnosti domov.                                                                                                                                                                                                                                                                                                                                                                                          4.2\/5 - (8 votes)        "},{"@context":"https:\/\/schema.org\/","@type":"BreadcrumbList","itemListElement":[{"@type":"ListItem","position":1,"name":"Jak vy\u0159e\u0161it zd\u011bd\u011bnou dom\u00e1cnost, kter\u00e1 v\u00e1m nesed\u00ed?","item":"https:\/\/www.njorek.cz\/jak-vyresit-zdedenou-domacnost-ktera-vam-nesedi\/#breadcrumbitem"}]}]