[{"@context":"https:\/\/schema.org\/","@type":"Article","@id":"https:\/\/www.njorek.cz\/pokorte-letni-vedra-v-domovech\/#Article","mainEntityOfPage":"https:\/\/www.njorek.cz\/pokorte-letni-vedra-v-domovech\/","headline":"Poko\u0159te letn\u00ed vedra v domovech","name":"Poko\u0159te letn\u00ed vedra v domovech","description":"Co se to d\u011bje v tom na\u0161em sv\u011bt\u011b za nev\u00eddan\u00e9 zm\u011bny. Z\u0159ejm\u011b ka\u017ed\u00e1 generace lid\u00ed pro\u017eije b\u011bhem sv\u00e9ho \u017eivota ne\u010dekan\u011b krutou zimu, ale i ne\u010dekan\u011b hork\u00e9 a such\u00e9 l\u00e9to. Nebo zjist\u00ed, \u017ee se pomalu nest\u0159\u00eddaj\u00ed ro\u010dn\u00ed obdob\u00ed tak, jak by se st\u0159\u00eddat m\u011bla. Jste p\u0159ipraveni na tyto zm\u011bny, abyste je p\u0159e\u017eili bez \u00fajmy na zdrav\u00ed? [&hellip;]","datePublished":"2024-12-18","dateModified":"2024-12-18","author":{"@type":"Person","@id":"https:\/\/www.njorek.cz\/author\/#Person","name":"","url":"https:\/\/www.njorek.cz\/author\/","identifier":1,"image":{"@type":"ImageObject","@id":"https:\/\/secure.gravatar.com\/avatar\/bbaa4e9a58aac4329fe0ade0f3fb816f09f0dc43c21f6e884dccfbc124b16b29?s=96&d=mm&r=g","url":"https:\/\/secure.gravatar.com\/avatar\/bbaa4e9a58aac4329fe0ade0f3fb816f09f0dc43c21f6e884dccfbc124b16b29?s=96&d=mm&r=g","height":96,"width":96}},"publisher":{"@type":"Organization","name":"njorek.cz","logo":{"@type":"ImageObject","@id":"\/logo.png","url":"\/logo.png","width":600,"height":60}},"url":"https:\/\/www.njorek.cz\/pokorte-letni-vedra-v-domovech\/","wordCount":247,"articleBody":" Co se to d\u011bje v tom na\u0161em sv\u011bt\u011b za nev\u00eddan\u00e9 zm\u011bny. Z\u0159ejm\u011b ka\u017ed\u00e1 generace lid\u00ed pro\u017eije b\u011bhem sv\u00e9ho \u017eivota ne\u010dekan\u011b krutou zimu, ale i ne\u010dekan\u011b hork\u00e9 a such\u00e9 l\u00e9to. Nebo zjist\u00ed, \u017ee se pomalu nest\u0159\u00eddaj\u00ed ro\u010dn\u00ed obdob\u00ed tak, jak by se st\u0159\u00eddat m\u011bla. Jste p\u0159ipraveni na tyto zm\u011bny, abyste je p\u0159e\u017eili bez \u00fajmy na zdrav\u00ed? M\u00e1te pro p\u0159\u00edpad hork\u00e9ho l\u00e9ta v z\u00e1loze stojanov\u00e9 ventil\u00e1tory, kter\u00e9 m\u016f\u017eete kdykoliv pou\u017e\u00edt? Nebo tepeln\u00e9 zdroje, pokud zamrznou potrub\u00ed? Je d\u016fle\u017eit\u00e9, abychom si v extr\u00e9mn\u00edch podm\u00ednk\u00e1ch, na kter\u00e9 na\u0161e t\u011blo nen\u00ed p\u0159ipraveno, dok\u00e1zali zdrav\u00ed ochr\u00e1nit! Zdrav\u00ed m\u00e1te jen jedno Cel\u00fd \u017eivot se sna\u017e\u00edte dostate\u010dn\u011b sportovat, j\u00edst zdrav\u00e9 potraviny a st\u0159\u00eddat n\u00e1mahu s odpo\u010dinkem. To proto, abyste si zachovali zdrav\u00fd \u017eivotn\u00ed styl. Ale pak p\u0159ijde n\u011bco, co zaraz\u00ed v\u0161echny lidi. Jak je mo\u017en\u00e9, \u017ee v na\u0161ich kon\u010din\u00e1ch doch\u00e1z\u00ed k po\u010das\u00ed, kter\u00e9 je b\u011b\u017en\u00e9 pouze v oblastech pobl\u00ed\u017e rovn\u00edku? Zimn\u00ed obdob\u00ed se podob\u00e1 na\u0161emu podzimu, letn\u00ed obdob\u00ed zase tropick\u00e9mu podneb\u00ed. Ochlazovat n\u00e1\u0161 organizmus v dob\u011b horka je nezbytnost\u00ed. Vzhledem k tomu, \u017ee zdrav\u00ed m\u00e1me jen jedno, je pot\u0159eba se o n\u011bj postarat i t\u00edm nejjednodu\u0161\u0161\u00edm zp\u016fsobem.                                                                                                                                                                                                                                                                                                                                                                                        4.6\/5 - (5 votes)        "},{"@context":"https:\/\/schema.org\/","@type":"BreadcrumbList","itemListElement":[{"@type":"ListItem","position":1,"name":"Poko\u0159te letn\u00ed vedra v domovech","item":"https:\/\/www.njorek.cz\/pokorte-letni-vedra-v-domovech\/#breadcrumbitem"}]}]